{"id":1145,"date":"2025-10-24T13:59:02","date_gmt":"2025-10-24T11:59:02","guid":{"rendered":"https:\/\/diversidad.umh.es\/?p=1145"},"modified":"2025-10-24T13:59:02","modified_gmt":"2025-10-24T11:59:02","slug":"exposicion-600-anos-de-historia-de-la-llegada-del-pueblo-gitano-a-la-peninsula","status":"publish","type":"post","link":"https:\/\/diversidad.umh.es\/en\/2025\/10\/24\/exposicion-600-anos-de-historia-de-la-llegada-del-pueblo-gitano-a-la-peninsula\/","title":{"rendered":"<span lang=\"es\">(Espa\u00f1ol) EXPOSICI\u00d3N: 600 A\u00d1OS DE HISTORIA DE LA LLEGADA DEL PUEBLO GITANO A LA PEN\u00cdNSULA<\/span>"},"content":{"rendered":"<p class=\"qtranxs-available-languages-message qtranxs-available-languages-message-en\">Sorry, this entry is only available in <a href=\"https:\/\/diversidad.umh.es\/es\/wp-json\/wp\/v2\/posts\/1145\" class=\"qtranxs-available-language-link qtranxs-available-language-link-es\" title=\"Espa\u00f1ol\">European Spanish<\/a>.<\/p>","protected":false},"excerpt":{"rendered":"<p>Sorry, this entry is only available in European Spanish.<\/p>\n","protected":false},"author":1457,"featured_media":0,"comment_status":"closed","ping_status":"open","sticky":false,"template":"","format":"standard","meta":{"_links_to":"","_links_to_target":""},"categories":[228],"tags":[],"_links":{"self":[{"href":"https:\/\/diversidad.umh.es\/en\/wp-json\/wp\/v2\/posts\/1145"}],"collection":[{"href":"https:\/\/diversidad.umh.es\/en\/wp-json\/wp\/v2\/posts"}],"about":[{"href":"https:\/\/diversidad.umh.es\/en\/wp-json\/wp\/v2\/types\/post"}],"author":[{"embeddable":true,"href":"https:\/\/diversidad.umh.es\/en\/wp-json\/wp\/v2\/users\/1457"}],"replies":[{"embeddable":true,"href":"https:\/\/diversidad.umh.es\/en\/wp-json\/wp\/v2\/comments?post=1145"}],"version-history":[{"count":0,"href":"https:\/\/diversidad.umh.es\/en\/wp-json\/wp\/v2\/posts\/1145\/revisions"}],"wp:attachment":[{"href":"https:\/\/diversidad.umh.es\/en\/wp-json\/wp\/v2\/media?parent=1145"}],"wp:term":[{"taxonomy":"category","embeddable":true,"href":"https:\/\/diversidad.umh.es\/en\/wp-json\/wp\/v2\/categories?post=1145"},{"taxonomy":"post_tag","embeddable":true,"href":"https:\/\/diversidad.umh.es\/en\/wp-json\/wp\/v2\/tags?post=1145"}],"curies":[{"name":"wp","href":"https:\/\/api.w.org\/{rel}","templated":true}]}}