{"id":1082,"date":"2025-09-22T08:41:37","date_gmt":"2025-09-22T06:41:37","guid":{"rendered":"https:\/\/diversidad.umh.es\/?p=1082"},"modified":"2025-09-22T08:47:16","modified_gmt":"2025-09-22T06:47:16","slug":"exposicion-armari-de-la-memoria-memories-que-ixen-de-larmari","status":"publish","type":"post","link":"https:\/\/diversidad.umh.es\/en\/2025\/09\/22\/exposicion-armari-de-la-memoria-memories-que-ixen-de-larmari\/","title":{"rendered":"<span lang=\"es\">(Espa\u00f1ol) Exposici\u00f3n: Armari de la Mem\u00f2ria, &#8220;Mem\u00f2ries que ixen de l\u00b4armari&#8221;<\/span>"},"content":{"rendered":"<p class=\"qtranxs-available-languages-message qtranxs-available-languages-message-en\">Sorry, this entry is only available in <a href=\"https:\/\/diversidad.umh.es\/es\/wp-json\/wp\/v2\/posts\/1082\" class=\"qtranxs-available-language-link qtranxs-available-language-link-es\" title=\"Espa\u00f1ol\">European Spanish<\/a>.<\/p>","protected":false},"excerpt":{"rendered":"<p>Sorry, this entry is only available in European Spanish.<\/p>\n","protected":false},"author":1457,"featured_media":0,"comment_status":"closed","ping_status":"open","sticky":false,"template":"","format":"standard","meta":{"_links_to":"","_links_to_target":""},"categories":[2252],"tags":[],"_links":{"self":[{"href":"https:\/\/diversidad.umh.es\/en\/wp-json\/wp\/v2\/posts\/1082"}],"collection":[{"href":"https:\/\/diversidad.umh.es\/en\/wp-json\/wp\/v2\/posts"}],"about":[{"href":"https:\/\/diversidad.umh.es\/en\/wp-json\/wp\/v2\/types\/post"}],"author":[{"embeddable":true,"href":"https:\/\/diversidad.umh.es\/en\/wp-json\/wp\/v2\/users\/1457"}],"replies":[{"embeddable":true,"href":"https:\/\/diversidad.umh.es\/en\/wp-json\/wp\/v2\/comments?post=1082"}],"version-history":[{"count":0,"href":"https:\/\/diversidad.umh.es\/en\/wp-json\/wp\/v2\/posts\/1082\/revisions"}],"wp:attachment":[{"href":"https:\/\/diversidad.umh.es\/en\/wp-json\/wp\/v2\/media?parent=1082"}],"wp:term":[{"taxonomy":"category","embeddable":true,"href":"https:\/\/diversidad.umh.es\/en\/wp-json\/wp\/v2\/categories?post=1082"},{"taxonomy":"post_tag","embeddable":true,"href":"https:\/\/diversidad.umh.es\/en\/wp-json\/wp\/v2\/tags?post=1082"}],"curies":[{"name":"wp","href":"https:\/\/api.w.org\/{rel}","templated":true}]}}