{"id":809,"date":"2025-03-20T09:51:46","date_gmt":"2025-03-20T08:51:46","guid":{"rendered":"https:\/\/diversidad.umh.es\/?p=809"},"modified":"2025-03-20T09:54:41","modified_gmt":"2025-03-20T08:54:41","slug":"dia-internacional-de-la-eliminacion-de-la-discriminacion-racial-un-compromiso-global-hacia-la-igualdad","status":"publish","type":"post","link":"https:\/\/diversidad.umh.es\/ca\/2025\/03\/20\/dia-internacional-de-la-eliminacion-de-la-discriminacion-racial-un-compromiso-global-hacia-la-igualdad\/","title":{"rendered":"<span lang=\"es\">(Espa\u00f1ol) D\u00eda Internacional de la Eliminaci\u00f3n de la Discriminaci\u00f3n Racial<\/span>"},"content":{"rendered":"<p class=\"qtranxs-available-languages-message qtranxs-available-languages-message-ca\">Ho sentim, aquesta entrada es troba disponible \u00fanicament en <a href=\"https:\/\/diversidad.umh.es\/es\/wp-json\/wp\/v2\/posts\/809\" class=\"qtranxs-available-language-link qtranxs-available-language-link-es\" title=\"Espa\u00f1ol\">Espanyol Europeu<\/a>.<\/p>","protected":false},"excerpt":{"rendered":"<p>Ho sentim, aquesta entrada es troba disponible \u00fanicament en Espanyol Europeu.<\/p>\n","protected":false},"author":1457,"featured_media":0,"comment_status":"closed","ping_status":"open","sticky":false,"template":"","format":"standard","meta":{"_links_to":"","_links_to_target":""},"categories":[2252],"tags":[],"_links":{"self":[{"href":"https:\/\/diversidad.umh.es\/ca\/wp-json\/wp\/v2\/posts\/809"}],"collection":[{"href":"https:\/\/diversidad.umh.es\/ca\/wp-json\/wp\/v2\/posts"}],"about":[{"href":"https:\/\/diversidad.umh.es\/ca\/wp-json\/wp\/v2\/types\/post"}],"author":[{"embeddable":true,"href":"https:\/\/diversidad.umh.es\/ca\/wp-json\/wp\/v2\/users\/1457"}],"replies":[{"embeddable":true,"href":"https:\/\/diversidad.umh.es\/ca\/wp-json\/wp\/v2\/comments?post=809"}],"version-history":[{"count":0,"href":"https:\/\/diversidad.umh.es\/ca\/wp-json\/wp\/v2\/posts\/809\/revisions"}],"wp:attachment":[{"href":"https:\/\/diversidad.umh.es\/ca\/wp-json\/wp\/v2\/media?parent=809"}],"wp:term":[{"taxonomy":"category","embeddable":true,"href":"https:\/\/diversidad.umh.es\/ca\/wp-json\/wp\/v2\/categories?post=809"},{"taxonomy":"post_tag","embeddable":true,"href":"https:\/\/diversidad.umh.es\/ca\/wp-json\/wp\/v2\/tags?post=809"}],"curies":[{"name":"wp","href":"https:\/\/api.w.org\/{rel}","templated":true}]}}