{"id":1489,"date":"2026-04-26T10:00:50","date_gmt":"2026-04-26T08:00:50","guid":{"rendered":"https:\/\/diversidad.umh.es\/?p=1489"},"modified":"2026-04-26T12:36:08","modified_gmt":"2026-04-26T10:36:08","slug":"dia-de-la-visibilidad-lesbica-3","status":"publish","type":"post","link":"https:\/\/diversidad.umh.es\/ca\/2026\/04\/26\/dia-de-la-visibilidad-lesbica-3\/","title":{"rendered":"<span lang=\"es\">(Espa\u00f1ol) D\u00eda de la Visibilidad L\u00e9sbica<\/span>"},"content":{"rendered":"<p class=\"qtranxs-available-languages-message qtranxs-available-languages-message-ca\">Ho sentim, aquesta entrada es troba disponible \u00fanicament en <a href=\"https:\/\/diversidad.umh.es\/es\/wp-json\/wp\/v2\/posts\/1489\" class=\"qtranxs-available-language-link qtranxs-available-language-link-es\" title=\"Espa\u00f1ol\">Espanyol Europeu<\/a>.<\/p>","protected":false},"excerpt":{"rendered":"<p>Ho sentim, aquesta entrada es troba disponible \u00fanicament en Espanyol Europeu.<\/p>\n","protected":false},"author":32610,"featured_media":0,"comment_status":"closed","ping_status":"open","sticky":false,"template":"","format":"standard","meta":{"_links_to":"","_links_to_target":""},"categories":[4047,565,2252,65,630,635,1351256],"tags":[],"_links":{"self":[{"href":"https:\/\/diversidad.umh.es\/ca\/wp-json\/wp\/v2\/posts\/1489"}],"collection":[{"href":"https:\/\/diversidad.umh.es\/ca\/wp-json\/wp\/v2\/posts"}],"about":[{"href":"https:\/\/diversidad.umh.es\/ca\/wp-json\/wp\/v2\/types\/post"}],"author":[{"embeddable":true,"href":"https:\/\/diversidad.umh.es\/ca\/wp-json\/wp\/v2\/users\/32610"}],"replies":[{"embeddable":true,"href":"https:\/\/diversidad.umh.es\/ca\/wp-json\/wp\/v2\/comments?post=1489"}],"version-history":[{"count":0,"href":"https:\/\/diversidad.umh.es\/ca\/wp-json\/wp\/v2\/posts\/1489\/revisions"}],"wp:attachment":[{"href":"https:\/\/diversidad.umh.es\/ca\/wp-json\/wp\/v2\/media?parent=1489"}],"wp:term":[{"taxonomy":"category","embeddable":true,"href":"https:\/\/diversidad.umh.es\/ca\/wp-json\/wp\/v2\/categories?post=1489"},{"taxonomy":"post_tag","embeddable":true,"href":"https:\/\/diversidad.umh.es\/ca\/wp-json\/wp\/v2\/tags?post=1489"}],"curies":[{"name":"wp","href":"https:\/\/api.w.org\/{rel}","templated":true}]}}